{"id":2083,"date":"2017-10-03T09:18:34","date_gmt":"2017-10-03T09:18:34","guid":{"rendered":"https:\/\/www.contrado.co.uk\/blog\/?p=2083"},"modified":"2020-07-28T13:56:17","modified_gmt":"2020-07-28T12:56:17","slug":"whats-behind-name-insight-joan-miros-textiles","status":"publish","type":"post","link":"https:\/\/www.contrado.co.uk\/blog\/whats-behind-name-insight-joan-miros-textiles\/","title":{"rendered":"What\u2019s Behind a Name? Insight into Joan Mir\u00f3\u2019s Textiles"},"content":{"rendered":"\n<p>At Contrado we love combining art and design with fashion and textiles to produce unique products, created through our processes of digital printing, sewing and embroidering. Together with our talented artists we bring creativity and design work to traditional fabrics and textiles, making new and exciting pieces through our use of materials. Artist Joan Mir\u00f3 similarly sought to merge the mediums of these two notions through his artwork in the latter years of his life. He began creating tapestry work that combined his traditional painting with woven textiles and challenged our perception of him as a creator.<\/p>\n\n\n\n<p>Joan Mir\u00f3 was a renowned Spanish artist born in Barcelona in 1893. He became famous as an influential painter, sculptor, and ceramicist during his life, and was acknowledged as an artist of the first rank who played an important role in the imaginative life of the 20th century.<\/p>\n\n\n\n<p>As one of the first artists to represent Surrealism as a movement, Joan Mir\u00f3 combined abstract art with surrealist fantasy. A museum dedicated to his work, the Fundaci\u00f3 Joan Mir\u00f3, was established in his native city of Barcelona in 1975. A large piece which is displayed in this museum is a unique tapestry, \u2018Tapestry of the Fundacio\u2019 which depicts Mir\u00f3\u2019s classic painting style, yet is crafted entirely from wool.<\/p>\n\n\n\n<p>It was only in 1972 that Mir\u00f3 produced his first textile pieces in collaboration with Josep Royo, aiming to explore the boundaries between mediums. Inspired by Catalan \u2018sobreteixims\u2019 i.e. heavy, decorative double-woven cloth, he enhanced the variety of these imaginative creations of his home land even further. \u2018Sobreteixims\u2019 were somewhere between collage, painting and tapestry \u2013 they depicted his paintings, yet were made of wool and fabrics. Miro had made the choice to reject the constraints of classic painting, transferring his visions to a medium with its own specific connotations.<\/p>\n\n\n\n<p>It\u2019s well known that the artist always had an interest in unusual materials which allowed him to break away from expectations, playing with the inter-relationships of materials throughout his work. Miro\u2019s interest in folk art and culture lead to his discovery of the creative potential of textiles. Textiles seem to have granted the artist with a long-searched need for physical contact with the materials, and a penchant for simple things and craftmanship.<\/p>\n\n\n\n<figure class=\"wp-block-image\"><img loading=\"lazy\" width=\"1000\" height=\"543\" src=\"https:\/\/www.contrado.co.uk\/blog\/wp-content\/uploads\/2017\/10\/Sobreteixim-with-eight-umbrellas-by-Joan-Miro-1973.jpg\" alt=\"\" class=\"wp-image-2084\" srcset=\"https:\/\/www.contrado.co.uk\/blog\/wp-content\/uploads\/2017\/10\/Sobreteixim-with-eight-umbrellas-by-Joan-Miro-1973.jpg 1000w, https:\/\/www.contrado.co.uk\/blog\/wp-content\/uploads\/2017\/10\/Sobreteixim-with-eight-umbrellas-by-Joan-Miro-1973-300x163.jpg 300w, https:\/\/www.contrado.co.uk\/blog\/wp-content\/uploads\/2017\/10\/Sobreteixim-with-eight-umbrellas-by-Joan-Miro-1973-768x417.jpg 768w\" sizes=\"(max-width: 1000px) 100vw, 1000px\" \/><\/figure>\n\n\n\n<p><em>Sobreteixim with eight umbrellas, 1973<\/em> shows an extremely large tapestry taking up an entire wall, with eight umbrellas attached. This tapestry is conceived as a painting. The charm if it is that of the painting to which is added that of the new material.<\/p>\n\n\n\n<div class=\"wp-block-image\"><figure class=\"alignright\"><img loading=\"lazy\" width=\"719\" height=\"1024\" src=\"https:\/\/www.contrado.co.uk\/blog\/wp-content\/uploads\/2017\/10\/Tapestry-of-the-Fundaci\u00f3-by-Joan-Miro-1979-719x1024.jpg\" alt=\"\" class=\"wp-image-2085\" srcset=\"https:\/\/www.contrado.co.uk\/blog\/wp-content\/uploads\/2017\/10\/Tapestry-of-the-Fundaci\u00f3-by-Joan-Miro-1979-719x1024.jpg 719w, https:\/\/www.contrado.co.uk\/blog\/wp-content\/uploads\/2017\/10\/Tapestry-of-the-Fundaci\u00f3-by-Joan-Miro-1979-211x300.jpg 211w, https:\/\/www.contrado.co.uk\/blog\/wp-content\/uploads\/2017\/10\/Tapestry-of-the-Fundaci\u00f3-by-Joan-Miro-1979-768x1094.jpg 768w, https:\/\/www.contrado.co.uk\/blog\/wp-content\/uploads\/2017\/10\/Tapestry-of-the-Fundaci\u00f3-by-Joan-Miro-1979.jpg 1000w\" sizes=\"(max-width: 719px) 100vw, 719px\" \/><\/figure><\/div>\n\n\n\n<p>From here, Mir\u00f3\u2019s works only developed and became less conventional, with the introduction of various textures, everyday objects, and of course paint, creating what could be interpreted as cyclical works. Miro\u2019s use of colour and form in a playful and symbolic manner resulted in intricate compositions, even in the more rustic textile works. His application of marks and colour had a profound impact on the Surrealism and Abstract Expressionism&nbsp;movements for years to come.<\/p>\n\n\n\n<p class=\"has-text-align-left\">This <em>Tapestry of the Fundaci\u00f3, 1979 <\/em>(on the right)<em>,<\/em> is a colossal example that also raises the issues of the work\u2019s integration into the architectural space. Miro aspired to something very essential within the thinking of contemporary art, which valued what had previously been considered primitive.<\/p>\n\n\n\n<h2 class=\"has-text-align-left\">&nbsp;<\/h2>\n\n\n\n<h2>&nbsp;<\/h2>\n\n\n\n<h2>Explore Art with Textiles with Contrado<\/h2>\n\n\n\n<p><strong>As an art printing service, we not only embrace the combining of artistic mediums, but the playful quality of Miro\u2019s works \u2013 encouraging it not only in creating works ourselves<\/strong>,<strong> but in everyday life. Explore the merging of art with fashion and textiles in our online shop, and design your own artwork to be adorned on over 400 fabrics, clothing or accessories.<\/strong><\/p>\n\n\n\n\n\n<figure class=\"wp-block-image size-full\"><a href=\"https:\/\/www.contrado.co.uk\/fabric-swatch-pack\"><img loading=\"lazy\" width=\"825\" height=\"300\" src=\"https:\/\/www.contrado.co.uk\/blog\/wp-content\/uploads\/2022\/03\/Shop-Swatch-3.jpg\" alt=\"\" class=\"wp-image-10924\" srcset=\"https:\/\/www.contrado.co.uk\/blog\/wp-content\/uploads\/2022\/03\/Shop-Swatch-3.jpg 825w, https:\/\/www.contrado.co.uk\/blog\/wp-content\/uploads\/2022\/03\/Shop-Swatch-3-300x109.jpg 300w, https:\/\/www.contrado.co.uk\/blog\/wp-content\/uploads\/2022\/03\/Shop-Swatch-3-768x279.jpg 768w\" sizes=\"(max-width: 825px) 100vw, 825px\" \/><\/a><\/figure>\n","protected":false},"excerpt":{"rendered":"<p>At Contrado we love combining art and design with fashion and textiles to produce unique products, created through our processes of digital printing, sewing and embroidering. Together with our talented artists we bring creativity and design work to traditional fabrics and textiles, making new and exciting pieces through our use of materials. Artist Joan Mir\u00f3 [&hellip;]<\/p>\n","protected":false},"author":7,"featured_media":2094,"comment_status":"open","ping_status":"closed","sticky":false,"template":"","format":"standard","meta":{"_yoast_wpseo_title":"","_yoast_wpseo_metadesc":"Joan Mir\u00f3 was a Spanish painter, sculptor and ceramicist. Why did he play an important role in the imaginative life of the 20th century?"},"categories":[778,4],"tags":[],"yoast_head":"<!-- This site is optimized with the Yoast SEO plugin v16.7 - https:\/\/yoast.com\/wordpress\/plugins\/seo\/ -->\n<title>What\u2019s Behind a Name? Insight into Joan Mir\u00f3\u2019s Textiles<\/title>\n<meta name=\"description\" content=\"Joan Mir\u00f3 was a Spanish painter, sculptor and ceramicist. Why did he play an important role in the imaginative life of the 20th century?\" \/>\n<meta name=\"robots\" content=\"index, follow, max-snippet:-1, max-image-preview:large, max-video-preview:-1\" \/>\n<link rel=\"canonical\" href=\"https:\/\/www.contrado.co.uk\/blog\/whats-behind-name-insight-joan-miros-textiles\/\" \/>\n<meta property=\"og:locale\" content=\"en_GB\" \/>\n<meta property=\"og:type\" content=\"article\" \/>\n<meta property=\"og:title\" content=\"What\u2019s Behind a Name? Insight into Joan Mir\u00f3\u2019s Textiles\" \/>\n<meta property=\"og:description\" content=\"Joan Mir\u00f3 was a Spanish painter, sculptor and ceramicist. Why did he play an important role in the imaginative life of the 20th century?\" \/>\n<meta property=\"og:url\" content=\"https:\/\/www.contrado.co.uk\/blog\/whats-behind-name-insight-joan-miros-textiles\/\" \/>\n<meta property=\"og:site_name\" content=\"Contrado Blog\" \/>\n<meta property=\"article:published_time\" content=\"2017-10-03T09:18:34+00:00\" \/>\n<meta property=\"article:modified_time\" content=\"2020-07-28T12:56:17+00:00\" \/>\n<meta property=\"og:image\" content=\"https:\/\/www.contrado.co.uk\/blog\/wp-content\/uploads\/2017\/10\/Joan-Miro-foundation-e1506963775825.jpg\" \/>\n\t<meta property=\"og:image:width\" content=\"866\" \/>\n\t<meta property=\"og:image:height\" content=\"573\" \/>\n<meta name=\"twitter:card\" content=\"summary_large_image\" \/>\n<meta name=\"twitter:label1\" content=\"Written by\" \/>\n\t<meta name=\"twitter:data1\" content=\"Shyama Laxman\" \/>\n\t<meta name=\"twitter:label2\" content=\"Estimated reading time\" \/>\n\t<meta name=\"twitter:data2\" content=\"3 minutes\" \/>\n<script type=\"application\/ld+json\" class=\"yoast-schema-graph\">{\"@context\":\"https:\/\/schema.org\",\"@graph\":[{\"@type\":\"WebSite\",\"@id\":\"https:\/\/www.contrado.co.uk\/blog\/#website\",\"url\":\"https:\/\/www.contrado.co.uk\/blog\/\",\"name\":\"Contrado Blog\",\"description\":\"\",\"potentialAction\":[{\"@type\":\"SearchAction\",\"target\":{\"@type\":\"EntryPoint\",\"urlTemplate\":\"https:\/\/www.contrado.co.uk\/blog\/?s={search_term_string}\"},\"query-input\":\"required name=search_term_string\"}],\"inLanguage\":\"en-GB\"},{\"@type\":\"ImageObject\",\"@id\":\"https:\/\/www.contrado.co.uk\/blog\/whats-behind-name-insight-joan-miros-textiles\/#primaryimage\",\"inLanguage\":\"en-GB\",\"url\":\"https:\/\/www.contrado.co.uk\/blog\/wp-content\/uploads\/2017\/10\/Joan-Miro-foundation-e1506963775825.jpg\",\"contentUrl\":\"https:\/\/www.contrado.co.uk\/blog\/wp-content\/uploads\/2017\/10\/Joan-Miro-foundation-e1506963775825.jpg\",\"width\":866,\"height\":573},{\"@type\":\"WebPage\",\"@id\":\"https:\/\/www.contrado.co.uk\/blog\/whats-behind-name-insight-joan-miros-textiles\/#webpage\",\"url\":\"https:\/\/www.contrado.co.uk\/blog\/whats-behind-name-insight-joan-miros-textiles\/\",\"name\":\"What\\u2019s Behind a Name? Insight into Joan Mir\\u00f3\\u2019s Textiles\",\"isPartOf\":{\"@id\":\"https:\/\/www.contrado.co.uk\/blog\/#website\"},\"primaryImageOfPage\":{\"@id\":\"https:\/\/www.contrado.co.uk\/blog\/whats-behind-name-insight-joan-miros-textiles\/#primaryimage\"},\"datePublished\":\"2017-10-03T09:18:34+00:00\",\"dateModified\":\"2020-07-28T12:56:17+00:00\",\"author\":{\"@id\":\"https:\/\/www.contrado.co.uk\/blog\/#\/schema\/person\/41a0b1794ec0a21ccc73b30894eca75c\"},\"description\":\"Joan Mir\\u00f3 was a Spanish painter, sculptor and ceramicist. Why did he play an important role in the imaginative life of the 20th century?\",\"breadcrumb\":{\"@id\":\"https:\/\/www.contrado.co.uk\/blog\/whats-behind-name-insight-joan-miros-textiles\/#breadcrumb\"},\"inLanguage\":\"en-GB\",\"potentialAction\":[{\"@type\":\"ReadAction\",\"target\":[\"https:\/\/www.contrado.co.uk\/blog\/whats-behind-name-insight-joan-miros-textiles\/\"]}]},{\"@type\":\"BreadcrumbList\",\"@id\":\"https:\/\/www.contrado.co.uk\/blog\/whats-behind-name-insight-joan-miros-textiles\/#breadcrumb\",\"itemListElement\":[{\"@type\":\"ListItem\",\"position\":1,\"name\":\"Home\",\"item\":\"https:\/\/www.contrado.co.uk\/blog\/\"},{\"@type\":\"ListItem\",\"position\":2,\"name\":\"What\\u2019s Behind a Name? Insight into Joan Mir\\u00f3\\u2019s Textiles\"}]},{\"@type\":\"Person\",\"@id\":\"https:\/\/www.contrado.co.uk\/blog\/#\/schema\/person\/41a0b1794ec0a21ccc73b30894eca75c\",\"name\":\"Shyama Laxman\",\"image\":{\"@type\":\"ImageObject\",\"@id\":\"https:\/\/www.contrado.co.uk\/blog\/#personlogo\",\"inLanguage\":\"en-GB\",\"url\":\"https:\/\/secure.gravatar.com\/avatar\/b9792596ed794283c54939cae272dfd9?s=96&d=mm&r=g\",\"contentUrl\":\"https:\/\/secure.gravatar.com\/avatar\/b9792596ed794283c54939cae272dfd9?s=96&d=mm&r=g\",\"caption\":\"Shyama Laxman\"},\"description\":\"Content Writer\",\"url\":\"https:\/\/www.contrado.co.uk\/blog\/author\/shyama\/\"}]}<\/script>\n<!-- \/ Yoast SEO plugin. -->","yoast_head_json":{"title":"What\u2019s Behind a Name? Insight into Joan Mir\u00f3\u2019s Textiles","description":"Joan Mir\u00f3 was a Spanish painter, sculptor and ceramicist. Why did he play an important role in the imaginative life of the 20th century?","robots":{"index":"index","follow":"follow","max-snippet":"max-snippet:-1","max-image-preview":"max-image-preview:large","max-video-preview":"max-video-preview:-1"},"canonical":"https:\/\/www.contrado.co.uk\/blog\/whats-behind-name-insight-joan-miros-textiles\/","og_locale":"en_GB","og_type":"article","og_title":"What\u2019s Behind a Name? Insight into Joan Mir\u00f3\u2019s Textiles","og_description":"Joan Mir\u00f3 was a Spanish painter, sculptor and ceramicist. Why did he play an important role in the imaginative life of the 20th century?","og_url":"https:\/\/www.contrado.co.uk\/blog\/whats-behind-name-insight-joan-miros-textiles\/","og_site_name":"Contrado Blog","article_published_time":"2017-10-03T09:18:34+00:00","article_modified_time":"2020-07-28T12:56:17+00:00","og_image":[{"width":866,"height":573,"url":"https:\/\/www.contrado.co.uk\/blog\/wp-content\/uploads\/2017\/10\/Joan-Miro-foundation-e1506963775825.jpg","path":"\/var\/www\/cdo\/uk\/blog\/wp-content\/uploads\/2017\/10\/Joan-Miro-foundation-e1506963775825.jpg","size":"full","id":2094,"alt":"","pixels":496218,"type":"image\/jpeg"}],"twitter_card":"summary_large_image","twitter_misc":{"Written by":"Shyama Laxman","Estimated reading time":"3 minutes"},"schema":{"@context":"https:\/\/schema.org","@graph":[{"@type":"WebSite","@id":"https:\/\/www.contrado.co.uk\/blog\/#website","url":"https:\/\/www.contrado.co.uk\/blog\/","name":"Contrado Blog","description":"","potentialAction":[{"@type":"SearchAction","target":{"@type":"EntryPoint","urlTemplate":"https:\/\/www.contrado.co.uk\/blog\/?s={search_term_string}"},"query-input":"required name=search_term_string"}],"inLanguage":"en-GB"},{"@type":"ImageObject","@id":"https:\/\/www.contrado.co.uk\/blog\/whats-behind-name-insight-joan-miros-textiles\/#primaryimage","inLanguage":"en-GB","url":"https:\/\/www.contrado.co.uk\/blog\/wp-content\/uploads\/2017\/10\/Joan-Miro-foundation-e1506963775825.jpg","contentUrl":"https:\/\/www.contrado.co.uk\/blog\/wp-content\/uploads\/2017\/10\/Joan-Miro-foundation-e1506963775825.jpg","width":866,"height":573},{"@type":"WebPage","@id":"https:\/\/www.contrado.co.uk\/blog\/whats-behind-name-insight-joan-miros-textiles\/#webpage","url":"https:\/\/www.contrado.co.uk\/blog\/whats-behind-name-insight-joan-miros-textiles\/","name":"What\u2019s Behind a Name? Insight into Joan Mir\u00f3\u2019s Textiles","isPartOf":{"@id":"https:\/\/www.contrado.co.uk\/blog\/#website"},"primaryImageOfPage":{"@id":"https:\/\/www.contrado.co.uk\/blog\/whats-behind-name-insight-joan-miros-textiles\/#primaryimage"},"datePublished":"2017-10-03T09:18:34+00:00","dateModified":"2020-07-28T12:56:17+00:00","author":{"@id":"https:\/\/www.contrado.co.uk\/blog\/#\/schema\/person\/41a0b1794ec0a21ccc73b30894eca75c"},"description":"Joan Mir\u00f3 was a Spanish painter, sculptor and ceramicist. Why did he play an important role in the imaginative life of the 20th century?","breadcrumb":{"@id":"https:\/\/www.contrado.co.uk\/blog\/whats-behind-name-insight-joan-miros-textiles\/#breadcrumb"},"inLanguage":"en-GB","potentialAction":[{"@type":"ReadAction","target":["https:\/\/www.contrado.co.uk\/blog\/whats-behind-name-insight-joan-miros-textiles\/"]}]},{"@type":"BreadcrumbList","@id":"https:\/\/www.contrado.co.uk\/blog\/whats-behind-name-insight-joan-miros-textiles\/#breadcrumb","itemListElement":[{"@type":"ListItem","position":1,"name":"Home","item":"https:\/\/www.contrado.co.uk\/blog\/"},{"@type":"ListItem","position":2,"name":"What\u2019s Behind a Name? Insight into Joan Mir\u00f3\u2019s Textiles"}]},{"@type":"Person","@id":"https:\/\/www.contrado.co.uk\/blog\/#\/schema\/person\/41a0b1794ec0a21ccc73b30894eca75c","name":"Shyama Laxman","image":{"@type":"ImageObject","@id":"https:\/\/www.contrado.co.uk\/blog\/#personlogo","inLanguage":"en-GB","url":"https:\/\/secure.gravatar.com\/avatar\/b9792596ed794283c54939cae272dfd9?s=96&d=mm&r=g","contentUrl":"https:\/\/secure.gravatar.com\/avatar\/b9792596ed794283c54939cae272dfd9?s=96&d=mm&r=g","caption":"Shyama Laxman"},"description":"Content Writer","url":"https:\/\/www.contrado.co.uk\/blog\/author\/shyama\/"}]}},"_links":{"self":[{"href":"https:\/\/www.contrado.co.uk\/blog\/wp-json\/wp\/v2\/posts\/2083"}],"collection":[{"href":"https:\/\/www.contrado.co.uk\/blog\/wp-json\/wp\/v2\/posts"}],"about":[{"href":"https:\/\/www.contrado.co.uk\/blog\/wp-json\/wp\/v2\/types\/post"}],"author":[{"embeddable":true,"href":"https:\/\/www.contrado.co.uk\/blog\/wp-json\/wp\/v2\/users\/7"}],"replies":[{"embeddable":true,"href":"https:\/\/www.contrado.co.uk\/blog\/wp-json\/wp\/v2\/comments?post=2083"}],"version-history":[{"count":10,"href":"https:\/\/www.contrado.co.uk\/blog\/wp-json\/wp\/v2\/posts\/2083\/revisions"}],"predecessor-version":[{"id":6609,"href":"https:\/\/www.contrado.co.uk\/blog\/wp-json\/wp\/v2\/posts\/2083\/revisions\/6609"}],"wp:featuredmedia":[{"embeddable":true,"href":"https:\/\/www.contrado.co.uk\/blog\/wp-json\/wp\/v2\/media\/2094"}],"wp:attachment":[{"href":"https:\/\/www.contrado.co.uk\/blog\/wp-json\/wp\/v2\/media?parent=2083"}],"wp:term":[{"taxonomy":"category","embeddable":true,"href":"https:\/\/www.contrado.co.uk\/blog\/wp-json\/wp\/v2\/categories?post=2083"},{"taxonomy":"post_tag","embeddable":true,"href":"https:\/\/www.contrado.co.uk\/blog\/wp-json\/wp\/v2\/tags?post=2083"}],"curies":[{"name":"wp","href":"https:\/\/api.w.org\/{rel}","templated":true}]}}